{"id":1742,"date":"2015-04-14T18:00:51","date_gmt":"2015-04-14T18:00:51","guid":{"rendered":"https:\/\/adra.org\/?p=1742"},"modified":"2026-04-07T20:36:10","modified_gmt":"2026-04-07T20:36:10","slug":"support-for-victims-of-boko-haram-insurgency","status":"publish","type":"post","link":"https:\/\/adra.org\/de\/support-for-victims-of-boko-haram-insurgency","title":{"rendered":"Unterst\u00fctzung f\u00fcr die Opfer des Boko-Haram-Aufstandes"},"content":{"rendered":"<h2>ADRA unterst\u00fctzt weiterhin die Opfer des Boko Haram-Aufstandes<\/h2>\n<p>LAGOS, NIGERIA - Vor einem Jahr erregte die Entf\u00fchrung von mehr als 200 Schulm\u00e4dchen durch Boko Haram in Nigeria die Aufmerksamkeit der Welt und l\u00f6ste die virale Kampagne #BringBackOurGirls aus.<\/p>\n<p>Am Montag, den 13. April, gab UNICEF bekannt, dass Boko Haram bis heute insgesamt 800.000 Kinder und ihre Familien im Norden Nigerias obdachlos gemacht hat.<\/p>\n<p>\u201cADRA steht in dieser Krise an vorderster Front\u201d, sagte Marie-Jo Guth, ADRAs Programm-Managerin f\u00fcr Notf\u00e4lle. \u201cUnsere Kollegen von ADRA Nigeria leisten gro\u00dfartige Arbeit, indem sie lebensrettende Nahrungsmittel zu den Familien bringen, die unter den brutalsten \u00dcbergriffen von Boko Haram zu leiden haben.\u201d<\/p>\n<p>ADRA verteilt Nahrungsmittel an rund 1.500 Binnenvertriebene, leistet psychosoziale Unterst\u00fctzung f\u00fcr 100 vertriebene Kinder, hilft bei der Bek\u00e4mpfung von Durchfallerkrankungen bei 200 Kindern unter f\u00fcnf Jahren und bietet 30 schwangeren Frauen im Kwana Waya Camp pr\u00e4natale Betreuung an.<\/p>\n<p>Boko Haram hat ganze D\u00f6rfer zerst\u00f6rt und Millionen von Menschen dazu veranlasst, auf der Suche nach Sicherheit aus ihren H\u00e4usern zu fliehen. Die National Emergency Management Agency berichtete im M\u00e4rz, dass es in Nigeria 1,2 Millionen Binnenvertriebene gibt. Die Angriffe haben au\u00dferdem 203 000 Nigerianer und gestrandete Migranten zur Flucht in die Nachbarl\u00e4nder veranlasst. Im nigerianischen Bundesstaat Adamawa, in dem ADRA t\u00e4tig ist, gibt es fast 218.000 Binnenvertriebene.<\/p>\n<p>Unsere derzeitige Arbeit im Bundesstaat Adamawa gestaltet sich aufgrund des eingeschr\u00e4nkten Stra\u00dfenzugangs schwierig. Die ADRA-Mitarbeiter haben gro\u00dfe Anstrengungen unternommen, um sich selbst und das Material per Flugzeug zu transportieren und Fahrzeuge vor Ort zu kaufen.<\/p>\n<p>\u201cUnser Team leistet einen unglaublichen Einsatz und zeigt gro\u00dfes Engagement f\u00fcr seine humanit\u00e4re Mission\u201d, sagte Guth.<\/p>\n<p><strong>\u00dcber ADRA<\/strong><br \/>\nDas Adventistische Entwicklungs- und Hilfswerk (ADRA) International ist der humanit\u00e4re Arm der Freikirche der Siebenten-Tags-Adventisten. Ihre Arbeit st\u00e4rkt Gemeinschaften und ver\u00e4ndert Leben auf der ganzen Welt, indem sie nachhaltige Gemeinschaftsentwicklung und Katastrophenhilfe leistet. Weitere Informationen finden Sie unter ADRA.org.<\/p>","protected":false},"excerpt":{"rendered":"<p>Vor einem Jahr erregte die Entf\u00fchrung von mehr als 200 Schulm\u00e4dchen durch Boko Haram in Nigeria die Aufmerksamkeit der Welt und l\u00f6ste die virale Kampagne #BringBackOurGirls aus.<\/p>","protected":false},"author":1,"featured_media":1752,"comment_status":"open","ping_status":"open","sticky":false,"template":"","format":"standard","meta":{"_acf_changed":false,"_eb_attr":"","footnotes":""},"categories":[785,957,11],"tags":[1079,6,668,1085,709],"class_list":["post-1742","post","type-post","status-publish","format-standard","has-post-thumbnail","hentry","category-africa","category-nigeria","category-press-release","tag-crisis","tag-disaster-relief","tag-human-trafficking","tag-internally-displaced-persons-idps","tag-mental-health-psychosocial-support-mhpss"],"acf":[],"_links":{"self":[{"href":"https:\/\/adra.org\/de\/wp-json\/wp\/v2\/posts\/1742","targetHints":{"allow":["GET"]}}],"collection":[{"href":"https:\/\/adra.org\/de\/wp-json\/wp\/v2\/posts"}],"about":[{"href":"https:\/\/adra.org\/de\/wp-json\/wp\/v2\/types\/post"}],"author":[{"embeddable":true,"href":"https:\/\/adra.org\/de\/wp-json\/wp\/v2\/users\/1"}],"replies":[{"embeddable":true,"href":"https:\/\/adra.org\/de\/wp-json\/wp\/v2\/comments?post=1742"}],"version-history":[{"count":3,"href":"https:\/\/adra.org\/de\/wp-json\/wp\/v2\/posts\/1742\/revisions"}],"predecessor-version":[{"id":47303,"href":"https:\/\/adra.org\/de\/wp-json\/wp\/v2\/posts\/1742\/revisions\/47303"}],"wp:featuredmedia":[{"embeddable":true,"href":"https:\/\/adra.org\/de\/wp-json\/wp\/v2\/media\/1752"}],"wp:attachment":[{"href":"https:\/\/adra.org\/de\/wp-json\/wp\/v2\/media?parent=1742"}],"wp:term":[{"taxonomy":"category","embeddable":true,"href":"https:\/\/adra.org\/de\/wp-json\/wp\/v2\/categories?post=1742"},{"taxonomy":"post_tag","embeddable":true,"href":"https:\/\/adra.org\/de\/wp-json\/wp\/v2\/tags?post=1742"}],"curies":[{"name":"wp","href":"https:\/\/api.w.org\/{rel}","templated":true}]}}