{"id":1199,"date":"2012-06-25T20:32:32","date_gmt":"2012-06-25T20:32:32","guid":{"rendered":"http:\/\/sparkexperience.com\/projects\/adra\/?p=1199"},"modified":"2026-04-15T20:39:17","modified_gmt":"2026-04-15T20:39:17","slug":"leadership-change","status":"publish","type":"post","link":"https:\/\/adra.org\/de\/leadership-change","title":{"rendered":"Ver\u00e4nderung der F\u00fchrung"},"content":{"rendered":"<h2>ADRA International Vorstand stimmt \u00fcber F\u00fchrungswechsel ab<\/h2>\n<p>SILVER SPRING, MdL - Der Vorstand der Adventistischen Entwicklungs- und Hilfsorganisation (ADRA) International hat auf seiner Sitzung am 24. Juni Dr. Rudi Maier mit sofortiger Wirkung als Pr\u00e4sident und Gesch\u00e4ftsf\u00fchrer von ADRA International abberufen und die Bildung einer Findungskommission angek\u00fcndigt, die einen Nachfolger finden soll.<\/p>\n<p>\u201cWir haben gr\u00f6\u00dftes Vertrauen in unsere ADRA-Mitarbeiter, unsere Unterst\u00fctzer und NRO-Partner und verpflichten uns, noch st\u00e4rker voranzugehen, um unsere Dienste weiterhin mit Kompetenz, Mitgef\u00fchl und Exzellenz auf internationaler Ebene zu erbringen\u201d, sagte Geoffrey Mbwana, Vorsitzender des ADRA International Board of Directors.<\/p>\n<p>In der Zwischenzeit hat der Verwaltungsrat einen leitenden Verwaltungsbeamten ernannt, der die Aufgaben der Verwaltung wahrnimmt. Die Best\u00e4tigung seiner Annahme steht noch aus. Der Vorstand von ADRA International hat einen siebenk\u00f6pfigen Suchausschuss eingesetzt, der sich aus derzeitigen Mitarbeitern von ADRA International, Mitarbeitern des ADRA-Netzwerks und Vorstandsmitgliedern zusammensetzt.<\/p>\n<p>Mbwana f\u00fcgte hinzu: \u201cEs ist der Personenkreis, dem ADRA dient - die Armen, die Hungernden, die Witwen und die Waisen -, dem wir bei unserer Arbeit Aufmerksamkeit schenken m\u00fcssen. In unserem Leitbild hei\u00dft es, dass die Arbeit der Organisation darauf abzielt, die Lebensqualit\u00e4t der Bed\u00fcrftigen zu verbessern. ADRA investiert in das Potenzial dieser Menschen durch Initiativen zur Gemeindeentwicklung, die unter anderem auf Ern\u00e4hrungssicherheit, wirtschaftliche Entwicklung, medizinische Grundversorgung und Grundbildung abzielen.\u2018<\/p>\n<p>ADRA f\u00fchrt seine Programme derzeit in mehr als 100 L\u00e4ndern auf der ganzen Welt \u00fcber sein ausgedehntes Netz von B\u00fcros durch. ADRA ist nach wie vor eine weltweit f\u00fchrende humanit\u00e4re Organisation mit mehr als 6.000 Mitarbeitern weltweit, die \u00fcber $150 Millionen an finanzierten Projekten umsetzen. ADRA erf\u00fcllt durchweg die anspruchsvollen Standards des Better Business Bureau (BBB) f\u00fcr die Rechenschaftspflicht von Wohlt\u00e4tigkeitsorganisationen und tr\u00e4gt das BBB Wise Giving Alliance-Siegel auf seiner Website.<\/p>\n<p>ADRAs Aufgabe ist es, mit Menschen in Armut und Not zusammenzuarbeiten, um durch erm\u00e4chtigende Partnerschaften und verantwortungsvolles Handeln einen gerechten und positiven Wandel zu bewirken. ADRA ist auch weiterhin ein professionelles, lernendes und effizientes Netzwerk, das Integrit\u00e4t und Transparenz verk\u00f6rpert und \u00fcber Grenzen hinweg f\u00fcr die gef\u00e4hrdeten und vergessenen Menschen eintritt, um messbare, dokumentierte und dauerhafte Ver\u00e4nderungen im Leben und in der Gesellschaft zu erreichen.<\/p>","protected":false},"excerpt":{"rendered":"<p>The Adventist Development and Relief Agency (ADRA) International Board of Directors met June 24 and removed Dr. Rudi Maier as president and executive director of ADRA International with immediate effect, announcing the formation of a search committee to find a replacement.<\/p>","protected":false},"author":1,"featured_media":21998,"comment_status":"open","ping_status":"open","sticky":false,"template":"","format":"standard","meta":{"_acf_changed":false,"_eb_attr":"","footnotes":""},"categories":[11],"tags":[837],"class_list":["post-1199","post","type-post","status-publish","format-standard","has-post-thumbnail","hentry","category-press-release","tag-adra-president"],"acf":[],"_links":{"self":[{"href":"https:\/\/adra.org\/de\/wp-json\/wp\/v2\/posts\/1199","targetHints":{"allow":["GET"]}}],"collection":[{"href":"https:\/\/adra.org\/de\/wp-json\/wp\/v2\/posts"}],"about":[{"href":"https:\/\/adra.org\/de\/wp-json\/wp\/v2\/types\/post"}],"author":[{"embeddable":true,"href":"https:\/\/adra.org\/de\/wp-json\/wp\/v2\/users\/1"}],"replies":[{"embeddable":true,"href":"https:\/\/adra.org\/de\/wp-json\/wp\/v2\/comments?post=1199"}],"version-history":[{"count":4,"href":"https:\/\/adra.org\/de\/wp-json\/wp\/v2\/posts\/1199\/revisions"}],"predecessor-version":[{"id":48418,"href":"https:\/\/adra.org\/de\/wp-json\/wp\/v2\/posts\/1199\/revisions\/48418"}],"wp:featuredmedia":[{"embeddable":true,"href":"https:\/\/adra.org\/de\/wp-json\/wp\/v2\/media\/21998"}],"wp:attachment":[{"href":"https:\/\/adra.org\/de\/wp-json\/wp\/v2\/media?parent=1199"}],"wp:term":[{"taxonomy":"category","embeddable":true,"href":"https:\/\/adra.org\/de\/wp-json\/wp\/v2\/categories?post=1199"},{"taxonomy":"post_tag","embeddable":true,"href":"https:\/\/adra.org\/de\/wp-json\/wp\/v2\/tags?post=1199"}],"curies":[{"name":"wp","href":"https:\/\/api.w.org\/{rel}","templated":true}]}}